{"id":822,"date":"2024-08-29T18:25:25","date_gmt":"2024-08-29T18:25:25","guid":{"rendered":"https:\/\/www.fooddudes.ie\/gaeilge\/?p=822"},"modified":"2024-12-13T14:01:22","modified_gmt":"2024-12-13T14:01:22","slug":"catagoiri-torthai-agus-glasrai","status":"publish","type":"post","link":"https:\/\/www.fooddudes.ie\/gaeilge\/catagoiri-torthai-agus-glasrai\/","title":{"rendered":"Catag\u00f3ir\u00ed Tortha\u00ed agus Glasra\u00ed"},"content":{"rendered":"<div id=\"pl-822\"  class=\"panel-layout\" ><div id=\"pg-822-0\"  class=\"panel-grid panel-has-style\" ><div class=\"contant-general-content-wrapper general-content-inner container-fulid panel-row-style panel-row-style-for-822-0\" ><div id=\"pgc-822-0-0\"  class=\"panel-grid-cell panel-grid-cell-empty\" ><\/div><\/div><\/div><div id=\"pg-822-1\"  class=\"panel-grid panel-has-style\" ><div class=\"siteorigin-panels-stretch contant-general-content-wrapper general-content-inner container-fulid panel-row-style panel-row-style-for-822-1\" data-stretch-type=\"full\" ><div id=\"pgc-822-1-0\"  class=\"panel-grid-cell\" ><div id=\"panel-822-1-0-0\" class=\"so-panel widget widget_fooddoodes-text-widget panel-first-child panel-last-child\" data-index=\"0\" ><div class=\"panel-widget-style panel-widget-style-for-822-1-0-0\" ><div\n\t\t\t\n\t\t\tclass=\"so-widget-fooddoodes-text-widget so-widget-fooddoodes-text-widget-base\"\n\t\t\t\n\t\t><div class=\"container-fluid\">\n    <div class=\"row\">\n        <div class=\"container\">\n            <div class=\"row\">\n\n                <div class=\"col-12 col-lg-12 \">\n                    <div class=\"general-content-inner\">\n                        <div id=\"pgc-553-0-0\">\n<div id=\"panel-553-0-0-0\">\n<div id=\"pgc-w37a6259c-0-0\">\n<div id=\"panel-w37a6259c-0-0-0\">\n<p style=\"text-align: center\"><span style=\"color: #006699\">De r\u00e9ir mar a thagann tortha\u00ed agus glasra\u00ed i ndathanna, cine\u00e1lacha, cruthanna agus m\u00e9ideanna iontacha, eagra\u00edtear i gcatag\u00f3ir\u00ed \u00e9ags\u00fala iad. Cuid\u00edonn s\u00e9 seo le saothr\u00f3ir\u00ed, t\u00e1irgeoir\u00ed agus siopad\u00f3ir\u00ed a roghanna a chinneadh. <span style=\"font-weight: 400\">Anseo in \u00c9irinn, t\u00e1 an t-\u00e1dh orainn go bhfuil tortha\u00ed agus glasra\u00ed \u00fara a f\u00e1sadh sa bhaile ar f\u00e1il d\u00fainn ar feadh na bliana ar fad.<\/span><\/span><\/p>\n<\/div>\n<\/div>\n<\/div>\n<\/div>\n                    <\/div>\n                <\/div>\n\n            <\/div>\n        <\/div>\n    <\/div>\n<\/div><\/div><\/div><\/div><\/div><\/div><\/div><div id=\"pg-822-2\"  class=\"panel-grid panel-has-style\" ><div class=\"contant-general-content-wrapper general-content-inner container panel-row-style panel-row-style-for-822-2\" ><div id=\"pgc-822-2-0\"  class=\"panel-grid-cell\" ><div id=\"panel-822-2-0-0\" class=\"so-panel widget widget_sow-editor panel-first-child panel-last-child\" data-index=\"1\" ><div\n\t\t\t\n\t\t\tclass=\"so-widget-sow-editor so-widget-sow-editor-base\"\n\t\t\t\n\t\t>\n<div class=\"siteorigin-widget-tinymce textwidget\">\n\t<div id=\"pgc-w37a6259c-0-0\">\n<div id=\"panel-w37a6259c-0-0-0\">\n<h4><span style=\"color: #006599;\"><span style=\"color: #ff99cc;\">Cad is toradh ann?<\/span>\u00a0<\/span><\/h4>\n<p><span style=\"color: #006699;\">T\u00e1 tortha\u00ed difri\u00fail \u00f3 ghlasra\u00ed toisc go dtagann tortha\u00ed \u00f3 bhl\u00e1thanna crainn n\u00f3 planda. Nuair a ghearrann t\u00fa tortha\u00ed, gheobhaidh t\u00fa s\u00edolta taobh istigh. Is f\u00e9idir tortha\u00ed a ithe \u00far n\u00f3 \u00f3 channa\u00ed. Is f\u00e9idir roinnt tortha\u00ed a reo. Cabhra\u00edonn tortha\u00ed le cealla fola sl\u00e1inti\u00fala a dh\u00e9anamh. Vitim\u00edn C, vitim\u00edn t\u00e1bhachtach a chabhra\u00edonn leis an gcorp gearrthacha agus cr\u00e9achta\u00ed a leigheas, ag cabhr\u00fa linn f\u00e1s sl\u00e1inti\u00fail agus l\u00e1idir. Tagann Vitim\u00edn C \u00f3 go leor de na tortha\u00ed a itheann muid. Mianra t\u00e1bhachtach eile i dtortha\u00ed is ea potaisiam. Cuid\u00edonn potaisiam le do chro\u00ed fanacht sl\u00e1inti\u00fail agus l\u00e1idir. Tagann tortha\u00ed i gcruthanna agus m\u00e9ideanna \u00e9ags\u00fala agus t\u00e1 s\u00e9 t\u00e1bhachtach craiceann tortha\u00ed cos\u00fail le h\u00falla agus piorra\u00ed a ithe lena chinnti\u00fa go bhfaigheann muid go leor sn\u00e1ith\u00edn in\u00e1r n-aiste bia.<\/span><\/p>\n<\/div>\n<\/div>\n<\/div>\n<\/div><\/div><\/div><div id=\"pgc-822-2-1\"  class=\"panel-grid-cell\" ><\/div><div id=\"pgc-822-2-2\"  class=\"panel-grid-cell\" ><div id=\"panel-822-2-2-0\" class=\"so-panel widget widget_fooddoodes-image-widget panel-first-child panel-last-child\" data-index=\"3\" ><div\n\t\t\t\n\t\t\tclass=\"so-widget-fooddoodes-image-widget so-widget-fooddoodes-image-widget-base\"\n\t\t\t\n\t\t><div class=\"container\">\n    <div class=\"row\">\n\n        <div class=\"col-12 col-lg-12 \">\n            <div class=\"general-content-inner\" style=\"text-align: center\">\n                                <img decoding=\"async\" src=\"https:\/\/www.fooddudes.ie\/gaeilge\/wp-content\/uploads\/sites\/2\/2024\/08\/57e5d1454b50a914f6d1867dda79307f1137c3e456597649712772d491_1920.jpg\" class=\"img-responsive\" style=\"width: 100%; max-width: 100%;\" alt=\"image\"\/>\n            <\/div>\n        <\/div>\n\n    <\/div>\n<\/div><\/div><\/div><\/div><\/div><\/div><div id=\"pg-822-3\"  class=\"panel-grid panel-has-style\" ><div class=\"contant-general-content-wrapper general-content-inner container panel-row-style panel-row-style-for-822-3\" ><div id=\"pgc-822-3-0\"  class=\"panel-grid-cell\" ><div id=\"panel-822-3-0-0\" class=\"so-panel widget widget_fooddoodes-image-widget panel-first-child panel-last-child\" data-index=\"4\" ><div\n\t\t\t\n\t\t\tclass=\"so-widget-fooddoodes-image-widget so-widget-fooddoodes-image-widget-base\"\n\t\t\t\n\t\t><div class=\"container\">\n    <div class=\"row\">\n\n        <div class=\"col-12 col-lg-12 \">\n            <div class=\"general-content-inner\" style=\"text-align: center\">\n                                <img decoding=\"async\" src=\"https:\/\/www.fooddudes.ie\/gaeilge\/wp-content\/uploads\/sites\/2\/2024\/08\/vegetable_FoodDudess.jpg\" class=\"img-responsive\" style=\"width: 100%; max-width: 100%;\" alt=\"image\"\/>\n            <\/div>\n        <\/div>\n\n    <\/div>\n<\/div><\/div><\/div><\/div><div id=\"pgc-822-3-1\"  class=\"panel-grid-cell panel-grid-cell-empty\" ><\/div><div id=\"pgc-822-3-2\"  class=\"panel-grid-cell\" ><div id=\"panel-822-3-2-0\" class=\"so-panel widget widget_sow-editor panel-first-child panel-last-child\" data-index=\"5\" ><div\n\t\t\t\n\t\t\tclass=\"so-widget-sow-editor so-widget-sow-editor-base\"\n\t\t\t\n\t\t>\n<div class=\"siteorigin-widget-tinymce textwidget\">\n\t<div id=\"pgc-w37a6259c-0-0\">\n<div id=\"panel-w37a6259c-0-0-0\">\n<h4><span style=\"color: #fbc210;\">Cad is glasra ann?<\/span><\/h4>\n<p><span style=\"color: #006599;\">Tagann glasra\u00ed i go leor cine\u00e1lacha: s\u00edolta, fr\u00e9amhacha, ti\u00fabair, gais agus duilleoga. Is glasra\u00ed iad cair\u00e9id agus pr\u00e1ta\u00ed a fh\u00e1sann faoin talamh mar chuid d'fhr\u00e9amhacha an phlanda. F\u00e1sann glasra\u00ed amach as an talamh, agus is f\u00e9idir iad a fh\u00e1il i ngaird\u00edn n\u00f3 ar fheirmeacha m\u00f3ra. Tar \u00e9is an fh\u00f3mhair, t\u00e9ann roinnt glasra\u00ed chuig monarcha pac\u00e1ist\u00ed ina nd\u00e9anann comhlachta\u00ed iad a ch\u00f3car\u00e1il agus iad a chur i gcanna\u00ed, mar shampla gr\u00e1n milis. Reonn roinnt comhlachta\u00ed iad lena gcur ar f\u00e1il san ollmhargadh agus t\u00e1 glasra\u00ed reoite chomh cothaitheach le glasra\u00ed \u00fara. T\u00e1 glasra\u00ed reoite an-\u00e1isi\u00fail mar go seasann siad n\u00edos faide nuair nach f\u00e9idir linn dul chuig na siopa\u00ed chomh minic sin. Tugann glasra\u00ed go leor vitim\u00edn\u00ed don chorp, lena n-\u00e1ir\u00edtear vitim\u00edn A agus aig\u00e9ad f\u00f3lach. Cabhra\u00edonn siad seo leis na horg\u00e1in i do chorp a choinne\u00e1il sl\u00e1inti\u00fail agus ag obair go maith.<br \/>\n<\/span><\/p>\n<\/div>\n<\/div>\n<\/div>\n<\/div><\/div><\/div><\/div><\/div><div id=\"pg-822-4\"  class=\"panel-grid panel-has-style\" ><div class=\"contant-general-content-wrapper general-content-inner container panel-row-style panel-row-style-for-822-4\" ><div id=\"pgc-822-4-0\"  class=\"panel-grid-cell\" ><div id=\"panel-822-4-0-0\" class=\"so-panel widget widget_sow-editor panel-first-child panel-last-child\" data-index=\"6\" ><div\n\t\t\t\n\t\t\tclass=\"so-widget-sow-editor so-widget-sow-editor-base\"\n\t\t\t\n\t\t>\n<div class=\"siteorigin-widget-tinymce textwidget\">\n\t<div id=\"pgc-w37a6259c-0-0\">\n<div id=\"panel-w37a6259c-0-0-0\">\n<h4><span style=\"color: #339966;\">Rang\u00fach\u00e1n Glasra\u00ed<\/span><\/h4>\n<p><span style=\"color: #006599;\">Ranga\u00edtear glasra\u00ed de r\u00e9ir c\u00e9n chuid den phlanda a itear. T\u00e1 roinnt glasra\u00ed oiri\u00fanach i n\u00edos m\u00f3 n\u00e1 catag\u00f3ir amh\u00e1in nuair a bh\u00edonn roinnt codanna \u00e9ags\u00fala den phlanda inite, m.sh. is f\u00e9idir fr\u00e9amhacha agus duilleoga an bhiatais a ithe. <\/span><\/p>\n<\/div>\n<\/div>\n<\/div>\n<\/div><\/div><\/div><div id=\"pgc-822-4-1\"  class=\"panel-grid-cell panel-grid-cell-empty\" ><\/div><div id=\"pgc-822-4-2\"  class=\"panel-grid-cell\" ><div id=\"panel-822-4-2-0\" class=\"so-panel widget widget_fooddoodes-image-widget panel-first-child panel-last-child\" data-index=\"7\" ><div\n\t\t\t\n\t\t\tclass=\"so-widget-fooddoodes-image-widget so-widget-fooddoodes-image-widget-base\"\n\t\t\t\n\t\t><div class=\"container\">\n    <div class=\"row\">\n\n        <div class=\"col-12 col-lg-12 \">\n            <div class=\"general-content-inner\" style=\"text-align: center\">\n                                <img decoding=\"async\" src=\"https:\/\/www.fooddudes.ie\/gaeilge\/wp-content\/uploads\/sites\/2\/2024\/08\/greenfooddudes-1.jpeg\" class=\"img-responsive\" style=\"width: 100%; max-width: 100%;\" alt=\"image\"\/>\n            <\/div>\n        <\/div>\n\n    <\/div>\n<\/div><\/div><\/div><\/div><\/div><\/div><div id=\"pg-822-5\"  class=\"panel-grid panel-has-style\" ><div class=\"contant-general-content-wrapper general-content-inner container panel-row-style panel-row-style-for-822-5\" ><div id=\"pgc-822-5-0\"  class=\"panel-grid-cell\" ><div id=\"panel-822-5-0-0\" class=\"so-panel widget widget_sow-editor panel-first-child panel-last-child\" data-index=\"8\" ><div\n\t\t\t\n\t\t\tclass=\"so-widget-sow-editor so-widget-sow-editor-base\"\n\t\t\t\n\t\t>\n<div class=\"siteorigin-widget-tinymce textwidget\">\n\t<div id=\"pgc-w37a6259c-0-0\">\n<div id=\"panel-w37a6259c-0-0-0\">\n<h3 style=\"text-align: center;\"><\/h3>\n<table>\n<tbody>\n<tr>\n<td style=\"width: 232px;\"><b>Rang\u00fach\u00e1n<\/b><\/td>\n<td style=\"width: 410px;\"><b>Faisn\u00e9is<\/b><\/td>\n<td style=\"width: 278px;\"><b>Sampla<\/b><\/td>\n<\/tr>\n<tr>\n<td style=\"width: 232px;\">\n<h4><b><i>Bleib\u00edn\u00ed<\/i><\/b><\/h4>\n<\/td>\n<td style=\"width: 410px;\"><span style=\"font-weight: 400;\">De ghn\u00e1th f\u00e1sann siad d\u00edreach faoi dhromchla na tal\u00fan agus t\u00e1irgeann siad p\u00e9ac\u00e1n bog, ramhardhuilleach os cionn na tal\u00fan. De ghn\u00e1th b\u00edonn ionair n\u00f3 triopaill acu.<\/span><\/td>\n<td style=\"width: 278px;\"><span style=\"font-weight: 400;\">fin\u00e9al, gairleog, cainneann, oinni\u00fan, seall\u00f3id, oinni\u00fan earraigh<\/span><\/td>\n<\/tr>\n<tr>\n<td style=\"width: 232px;\">\n<h4><b><i>Bl\u00e1thanna<\/i><\/b><\/h4>\n<\/td>\n<td style=\"width: 410px;\"><span style=\"font-weight: 400;\">Na bl\u00e1thanna inite de ghlasra\u00ed \u00e1irithe.<\/span><\/td>\n<td style=\"width: 278px;\"><span style=\"font-weight: 400;\"> c\u00f3ilis, brocail\u00ed, c\u00fairs\u00e9ad\u00a0<\/span><\/td>\n<\/tr>\n<tr>\n<td style=\"width: 232px;\"><b><i>Tortha\u00ed<\/i><\/b><\/td>\n<td style=\"width: 410px;\"><span style=\"font-weight: 400;\">T\u00e1 tortha\u00ed glasra\u00ed bog agus b\u00edonn s\u00edolta iontu.<\/span><\/td>\n<td style=\"width: 278px;\"><span style=\"font-weight: 400;\">mealbhac\u00e1n, sill\u00ed, c\u00fairs\u00e9ad, c\u00facamar, ubhthoradh, puimc\u00edn, tr\u00e1ta<\/span><\/td>\n<\/tr>\n<tr>\n<td style=\"width: 232px;\"><b><i>Fungais<\/i><\/b><\/td>\n<td style=\"width: 410px;\"><span style=\"font-weight: 400;\">Agus tagairt \u00e1 d\u00e9anamh do ghlasra\u00ed, tugtar muisiri\u00fain ar fhungais go coitianta<\/span><\/td>\n<td style=\"width: 278px;\"><span style=\"font-weight: 400;\">muisiri\u00fain chnaipe, muisiri\u00fain Eilv\u00e9iseacha, cupa (oscailte), muisiri\u00fain oisreacha, Portobello, strufal \u2013 dubh agus b\u00e1n<\/span><\/td>\n<\/tr>\n<tr>\n<td style=\"width: 232px;\"><b><i>Duilleoga<\/i><\/b><\/td>\n<td style=\"width: 410px;\"><span style=\"font-weight: 400;\">Na duilleoga inite de phlanda\u00ed<\/span><\/td>\n<td style=\"width: 278px;\"><span style=\"font-weight: 400;\">bachl\u00f3g bhruis\u00e9ile, cab\u00e1iste, leit\u00eds, spion\u00e1iste, biolar\u00a0<\/span><\/td>\n<\/tr>\n<tr>\n<td style=\"width: 232px;\"><b><i>Fr\u00e9amhacha<\/i><\/b><\/td>\n<td style=\"width: 410px;\"><span style=\"font-weight: 400;\">De ghn\u00e1th, socfhr\u00e9amh fhada n\u00f3 cruinn-chruthach.<\/span><\/td>\n<td style=\"width: 278px;\"><span style=\"font-weight: 400;\">biatas, cair\u00e9ad, soilire, meacan b\u00e1n, raidis, svaeid, tornapa<\/span><\/td>\n<\/tr>\n<tr>\n<td style=\"width: 232px;\"><b><i>S\u00edolta<\/i><\/b><\/td>\n<td style=\"width: 410px;\"><span style=\"font-weight: 400;\">(L\u00e9ag\u00faim) Seachas gr\u00e1n milis, f\u00e1sann s\u00edolta i bhfaighneoga a itear in \u00e9ineacht leis an s\u00edol uaireanta.<\/span><\/td>\n<td style=\"width: 278px;\"><span style=\"font-weight: 400;\">p\u00f3nair\u00ed (p\u00f3nair\u00ed glasa, p\u00f3nair\u00ed Francacha, p\u00f3nair\u00ed m\u00f3ra), p\u00f3nair\u00ed leathana, piseanna, gr\u00e1n milis<\/span><\/td>\n<\/tr>\n<tr>\n<td style=\"width: 232px;\"><b><i>Gais<\/i><\/b><\/td>\n<td style=\"width: 410px;\"><span style=\"font-weight: 400;\">Na gais inite de phlanda\u00ed nuair a bh\u00edonn an gas an chuid is m\u00f3 den ghlasra.<\/span><\/td>\n<td style=\"width: 278px;\"><span style=\"font-weight: 400;\">asparagas, soilire<\/span><\/td>\n<\/tr>\n<tr>\n<td style=\"width: 232px;\"><b><i>Ti\u00fabair<\/i><\/b><\/td>\n<td style=\"width: 410px;\"><span style=\"font-weight: 400;\">Glasra\u00ed a fh\u00e1sann faoi thalamh ar fhr\u00e9amh planda.<\/span><\/td>\n<td style=\"width: 278px;\"><span style=\"font-weight: 400;\">ionam, pr\u00e1ta<\/span><\/td>\n<\/tr>\n<\/tbody>\n<\/table>\n<\/div>\n<p>&nbsp;<\/p>\n<p>&nbsp;<\/p>\n<\/div>\n<\/div>\n<\/div><\/div><\/div><\/div><\/div><div id=\"pg-822-6\"  class=\"panel-grid panel-has-style\" ><div class=\"contant-general-content-wrapper general-content-inner container panel-row-style panel-row-style-for-822-6\" ><div id=\"pgc-822-6-0\"  class=\"panel-grid-cell\" ><div id=\"panel-822-6-0-0\" class=\"so-panel widget widget_sow-editor panel-first-child panel-last-child\" data-index=\"9\" ><div\n\t\t\t\n\t\t\tclass=\"so-widget-sow-editor so-widget-sow-editor-base\"\n\t\t\t\n\t\t>\n<div class=\"siteorigin-widget-tinymce textwidget\">\n\t<div id=\"pgc-w37a6259c-0-0\">\n<div id=\"panel-w37a6259c-0-0-0\">\n<h4><span style=\"color: #006599;\">Leideanna chun catag\u00f3ir\u00ed \u00e9ags\u00fala tortha\u00ed agus glasra\u00ed a chur san \u00e1ireamh in aiste bia do ph\u00e1iste:\u00a0<\/span><\/h4>\n<\/div>\n<ul>\n<li style=\"font-weight: 400;\"><span style=\"font-weight: 400; color: #006699;\">Coinnigh babhla tortha\u00ed \u00fara in aice l\u00e1imhe. Coinnigh roinnt glasra\u00ed cos\u00fail le piseanna, tr\u00e1ta sil\u00edn, mionchair\u00e9id agus c\u00facamar sa chuisneoir chun greim a fh\u00e1il orthu le haghaidh sneaic thapa.<\/span><\/li>\n<li style=\"font-weight: 400;\"><span style=\"font-weight: 400; color: #006699;\">Cuir fraoch\u00e1in, banana\u00ed agus tortha\u00ed \u00fara n\u00f3 triomaithe eile le gr\u00e1nach te n\u00f3 fuar.<\/span><\/li>\n<li style=\"font-weight: 400;\"><span style=\"font-weight: 400; color: #006699;\">Mar gheall ar Covid-19, t\u00e1 ollmharga\u00ed ag moladh do dhuine amh\u00e1in i ngach teach dul isteach sa siopa chun an tsiopad\u00f3ireacht a dh\u00e9anamh. T\u00e1 s\u00e9 t\u00e1bhachtach, \u00e1fach, do ph\u00e1ist\u00ed a r\u00e1 leat cad iad na tortha\u00ed agus na glasra\u00ed ar mhaith leo go gceann\u00f3f\u00e1 le linn do thurais siopad\u00f3ireachta.<\/span><\/li>\n<li style=\"font-weight: 400;\"><span style=\"font-weight: 400; color: #006699;\">Gearr suas aon mheasc\u00e1n glasra\u00ed agus cuir le hanraith n\u00f3 stobhach \u00e9. D\u00e9anfaidh na blasanna seo go l\u00e9ir do bh\u00e9ile an-bhlasta.\u00a0<\/span><\/li>\n<li style=\"font-weight: 400;\"><span style=\"font-weight: 400; color: #006699;\">Cuirfidh bleib\u00edn\u00ed ar n\u00f3s oinni\u00fain n\u00f3 gairleog blas iontach ar fhormh\u00f3r na mb\u00e9il\u00ed. <\/span><\/li>\n<li style=\"font-weight: 400;\"><span style=\"font-weight: 400; color: #006699;\">Bain triail as tortha\u00ed agus glasra\u00ed ag baint \u00fas\u00e1id as uigeachta\u00ed \u00e9ags\u00fala [gr\u00e1t\u00e1ilte, stofa, slisnithe srl.]. D'fh\u00e9adfadh s\u00e9 seo a bheith ina bhealach spra\u00ed\u00fail chun triail a bhaint as tortha\u00ed agus glasra\u00ed nua.<\/span><\/li>\n<li><strong><a href=\"https:\/\/www.bordbia.ie\/whats-in-season\/best-in-season-calendar\/\">F\u00e9ach ar fh\u00e9ilire \u2018Best in Season\u2019 de chuid Bhord Bia le f\u00e1il amach cad iad na barra \u00c9ireannacha at\u00e1 i dtr\u00e1th.<\/a><\/strong><\/li>\n<\/ul>\n<\/div>\n<\/div>\n<\/div><\/div><\/div><div id=\"pgc-822-6-1\"  class=\"panel-grid-cell\" ><div id=\"panel-822-6-1-0\" class=\"so-panel widget widget_fooddoodes-image-widget panel-first-child panel-last-child\" data-index=\"10\" ><div\n\t\t\t\n\t\t\tclass=\"so-widget-fooddoodes-image-widget so-widget-fooddoodes-image-widget-base\"\n\t\t\t\n\t\t><div class=\"container\">\n    <div class=\"row\">\n\n        <div class=\"col-12 col-lg-8 offset-lg-2 \">\n            <div class=\"general-content-inner\" style=\"text-align: center\">\n                                <img decoding=\"async\" src=\"https:\/\/www.fooddudes.ie\/gaeilge\/wp-content\/uploads\/sites\/2\/2024\/08\/borderfd-1.png\" class=\"img-responsive\" style=\"width: 100%; max-width: 100%;\" alt=\"image\"\/>\n            <\/div>\n        <\/div>\n\n    <\/div>\n<\/div><\/div><\/div><\/div><\/div><\/div><\/div>","protected":false},"excerpt":{"rendered":"<p>De r\u00e9ir mar a thagann tortha\u00ed agus glasra\u00ed i ndathanna, cine\u00e1lacha, cruthanna agus m\u00e9ideanna iontacha, eagra\u00edtear i gcatag\u00f3ir\u00ed \u00e9ags\u00fala iad. Cuid\u00edonn s\u00e9 seo le saothr\u00f3ir\u00ed, t\u00e1irgeoir\u00ed agus siopad\u00f3ir\u00ed a roghanna a chinneadh. Anseo in \u00c9irinn, t\u00e1 an t-\u00e1dh orainn go bhfuil tortha\u00ed agus glasra\u00ed \u00fara a f\u00e1sadh sa bhaile ar f\u00e1il d\u00fainn ar feadh na [&hellip;]<\/p>\n","protected":false},"author":10,"featured_media":823,"comment_status":"open","ping_status":"open","sticky":false,"template":"","format":"standard","meta":{"_acf_changed":false,"footnotes":""},"categories":[1],"tags":[],"class_list":["post-822","post","type-post","status-publish","format-standard","has-post-thumbnail","hentry","category-uncategorized"],"acf":[],"yoast_head":"<!-- This site is optimized with the Yoast SEO plugin v27.3 - https:\/\/yoast.com\/product\/yoast-seo-wordpress\/ -->\n<title>Catag\u00f3ir\u00ed Tortha\u00ed agus Glasra\u00ed - fooddudes-gaeilge<\/title>\n<meta name=\"robots\" content=\"index, follow, max-snippet:-1, max-image-preview:large, max-video-preview:-1\" \/>\n<link rel=\"canonical\" href=\"https:\/\/www.fooddudes.ie\/gaeilge\/catagoiri-torthai-agus-glasrai\/\" \/>\n<meta property=\"og:locale\" content=\"en_US\" \/>\n<meta property=\"og:type\" content=\"article\" \/>\n<meta property=\"og:title\" content=\"Catag\u00f3ir\u00ed Tortha\u00ed agus Glasra\u00ed - fooddudes-gaeilge\" \/>\n<meta property=\"og:description\" content=\"De r\u00e9ir mar a thagann tortha\u00ed agus glasra\u00ed i ndathanna, cine\u00e1lacha, cruthanna agus m\u00e9ideanna iontacha, eagra\u00edtear i gcatag\u00f3ir\u00ed \u00e9ags\u00fala iad. Cuid\u00edonn s\u00e9 seo le saothr\u00f3ir\u00ed, t\u00e1irgeoir\u00ed agus siopad\u00f3ir\u00ed a roghanna a chinneadh. Anseo in \u00c9irinn, t\u00e1 an t-\u00e1dh orainn go bhfuil tortha\u00ed agus glasra\u00ed \u00fara a f\u00e1sadh sa bhaile ar f\u00e1il d\u00fainn ar feadh na [&hellip;]\" \/>\n<meta property=\"og:url\" content=\"https:\/\/www.fooddudes.ie\/gaeilge\/catagoiri-torthai-agus-glasrai\/\" \/>\n<meta property=\"og:site_name\" content=\"fooddudes-gaeilge\" \/>\n<meta property=\"article:published_time\" content=\"2024-08-29T18:25:25+00:00\" \/>\n<meta property=\"article:modified_time\" content=\"2024-12-13T14:01:22+00:00\" \/>\n<meta property=\"og:image\" content=\"https:\/\/www.fooddudes.ie\/gaeilge\/wp-content\/uploads\/sites\/2\/2024\/08\/Untitled-design.png\" \/>\n\t<meta property=\"og:image:width\" content=\"512\" \/>\n\t<meta property=\"og:image:height\" content=\"262\" \/>\n\t<meta property=\"og:image:type\" content=\"image\/png\" \/>\n<meta name=\"author\" content=\"jennyoneill\" \/>\n<meta name=\"twitter:card\" content=\"summary_large_image\" \/>\n<meta name=\"twitter:label1\" content=\"Written by\" \/>\n\t<meta name=\"twitter:data1\" content=\"jennyoneill\" \/>\n\t<meta name=\"twitter:label2\" content=\"Est. reading time\" \/>\n\t<meta name=\"twitter:data2\" content=\"5 minutes\" \/>\n<script type=\"application\/ld+json\" class=\"yoast-schema-graph\">{\"@context\":\"https:\\\/\\\/schema.org\",\"@graph\":[{\"@type\":\"Article\",\"@id\":\"https:\\\/\\\/www.fooddudes.ie\\\/gaeilge\\\/catagoiri-torthai-agus-glasrai\\\/#article\",\"isPartOf\":{\"@id\":\"https:\\\/\\\/www.fooddudes.ie\\\/gaeilge\\\/catagoiri-torthai-agus-glasrai\\\/\"},\"author\":{\"name\":\"jennyoneill\",\"@id\":\"https:\\\/\\\/www.fooddudes.ie\\\/gaeilge\\\/#\\\/schema\\\/person\\\/242b479fec344bc66db0f2ee5a4af731\"},\"headline\":\"Catag\u00f3ir\u00ed Tortha\u00ed agus Glasra\u00ed\",\"datePublished\":\"2024-08-29T18:25:25+00:00\",\"dateModified\":\"2024-12-13T14:01:22+00:00\",\"mainEntityOfPage\":{\"@id\":\"https:\\\/\\\/www.fooddudes.ie\\\/gaeilge\\\/catagoiri-torthai-agus-glasrai\\\/\"},\"wordCount\":929,\"commentCount\":0,\"image\":{\"@id\":\"https:\\\/\\\/www.fooddudes.ie\\\/gaeilge\\\/catagoiri-torthai-agus-glasrai\\\/#primaryimage\"},\"thumbnailUrl\":\"https:\\\/\\\/www.fooddudes.ie\\\/gaeilge\\\/wp-content\\\/uploads\\\/sites\\\/2\\\/2024\\\/08\\\/Untitled-design.png\",\"inLanguage\":\"en-US\",\"potentialAction\":[{\"@type\":\"CommentAction\",\"name\":\"Comment\",\"target\":[\"https:\\\/\\\/www.fooddudes.ie\\\/gaeilge\\\/catagoiri-torthai-agus-glasrai\\\/#respond\"]}]},{\"@type\":\"WebPage\",\"@id\":\"https:\\\/\\\/www.fooddudes.ie\\\/gaeilge\\\/catagoiri-torthai-agus-glasrai\\\/\",\"url\":\"https:\\\/\\\/www.fooddudes.ie\\\/gaeilge\\\/catagoiri-torthai-agus-glasrai\\\/\",\"name\":\"Catag\u00f3ir\u00ed Tortha\u00ed agus Glasra\u00ed - fooddudes-gaeilge\",\"isPartOf\":{\"@id\":\"https:\\\/\\\/www.fooddudes.ie\\\/gaeilge\\\/#website\"},\"primaryImageOfPage\":{\"@id\":\"https:\\\/\\\/www.fooddudes.ie\\\/gaeilge\\\/catagoiri-torthai-agus-glasrai\\\/#primaryimage\"},\"image\":{\"@id\":\"https:\\\/\\\/www.fooddudes.ie\\\/gaeilge\\\/catagoiri-torthai-agus-glasrai\\\/#primaryimage\"},\"thumbnailUrl\":\"https:\\\/\\\/www.fooddudes.ie\\\/gaeilge\\\/wp-content\\\/uploads\\\/sites\\\/2\\\/2024\\\/08\\\/Untitled-design.png\",\"datePublished\":\"2024-08-29T18:25:25+00:00\",\"dateModified\":\"2024-12-13T14:01:22+00:00\",\"author\":{\"@id\":\"https:\\\/\\\/www.fooddudes.ie\\\/gaeilge\\\/#\\\/schema\\\/person\\\/242b479fec344bc66db0f2ee5a4af731\"},\"breadcrumb\":{\"@id\":\"https:\\\/\\\/www.fooddudes.ie\\\/gaeilge\\\/catagoiri-torthai-agus-glasrai\\\/#breadcrumb\"},\"inLanguage\":\"en-US\",\"potentialAction\":[{\"@type\":\"ReadAction\",\"target\":[\"https:\\\/\\\/www.fooddudes.ie\\\/gaeilge\\\/catagoiri-torthai-agus-glasrai\\\/\"]}]},{\"@type\":\"ImageObject\",\"inLanguage\":\"en-US\",\"@id\":\"https:\\\/\\\/www.fooddudes.ie\\\/gaeilge\\\/catagoiri-torthai-agus-glasrai\\\/#primaryimage\",\"url\":\"https:\\\/\\\/www.fooddudes.ie\\\/gaeilge\\\/wp-content\\\/uploads\\\/sites\\\/2\\\/2024\\\/08\\\/Untitled-design.png\",\"contentUrl\":\"https:\\\/\\\/www.fooddudes.ie\\\/gaeilge\\\/wp-content\\\/uploads\\\/sites\\\/2\\\/2024\\\/08\\\/Untitled-design.png\",\"width\":512,\"height\":262},{\"@type\":\"BreadcrumbList\",\"@id\":\"https:\\\/\\\/www.fooddudes.ie\\\/gaeilge\\\/catagoiri-torthai-agus-glasrai\\\/#breadcrumb\",\"itemListElement\":[{\"@type\":\"ListItem\",\"position\":1,\"name\":\"Home\",\"item\":\"https:\\\/\\\/www.fooddudes.ie\\\/gaeilge\\\/\"},{\"@type\":\"ListItem\",\"position\":2,\"name\":\"Catag\u00f3ir\u00ed Tortha\u00ed agus Glasra\u00ed\"}]},{\"@type\":\"WebSite\",\"@id\":\"https:\\\/\\\/www.fooddudes.ie\\\/gaeilge\\\/#website\",\"url\":\"https:\\\/\\\/www.fooddudes.ie\\\/gaeilge\\\/\",\"name\":\"fooddudes-gaeilge\",\"description\":\"Just another FoodDudes site\",\"potentialAction\":[{\"@type\":\"SearchAction\",\"target\":{\"@type\":\"EntryPoint\",\"urlTemplate\":\"https:\\\/\\\/www.fooddudes.ie\\\/gaeilge\\\/?s={search_term_string}\"},\"query-input\":{\"@type\":\"PropertyValueSpecification\",\"valueRequired\":true,\"valueName\":\"search_term_string\"}}],\"inLanguage\":\"en-US\"},{\"@type\":\"Person\",\"@id\":\"https:\\\/\\\/www.fooddudes.ie\\\/gaeilge\\\/#\\\/schema\\\/person\\\/242b479fec344bc66db0f2ee5a4af731\",\"name\":\"jennyoneill\",\"image\":{\"@type\":\"ImageObject\",\"inLanguage\":\"en-US\",\"@id\":\"https:\\\/\\\/secure.gravatar.com\\\/avatar\\\/c929ce4940700614dc45f2de697cdf2bea9fbf522556158ad0c464bcc1268f07?s=96&d=mm&r=g\",\"url\":\"https:\\\/\\\/secure.gravatar.com\\\/avatar\\\/c929ce4940700614dc45f2de697cdf2bea9fbf522556158ad0c464bcc1268f07?s=96&d=mm&r=g\",\"contentUrl\":\"https:\\\/\\\/secure.gravatar.com\\\/avatar\\\/c929ce4940700614dc45f2de697cdf2bea9fbf522556158ad0c464bcc1268f07?s=96&d=mm&r=g\",\"caption\":\"jennyoneill\"},\"url\":\"https:\\\/\\\/www.fooddudes.ie\\\/gaeilge\\\/author\\\/jennyoneill\\\/\"}]}<\/script>\n<!-- \/ Yoast SEO plugin. -->","yoast_head_json":{"title":"Catag\u00f3ir\u00ed Tortha\u00ed agus Glasra\u00ed - fooddudes-gaeilge","robots":{"index":"index","follow":"follow","max-snippet":"max-snippet:-1","max-image-preview":"max-image-preview:large","max-video-preview":"max-video-preview:-1"},"canonical":"https:\/\/www.fooddudes.ie\/gaeilge\/catagoiri-torthai-agus-glasrai\/","og_locale":"en_US","og_type":"article","og_title":"Catag\u00f3ir\u00ed Tortha\u00ed agus Glasra\u00ed - fooddudes-gaeilge","og_description":"De r\u00e9ir mar a thagann tortha\u00ed agus glasra\u00ed i ndathanna, cine\u00e1lacha, cruthanna agus m\u00e9ideanna iontacha, eagra\u00edtear i gcatag\u00f3ir\u00ed \u00e9ags\u00fala iad. Cuid\u00edonn s\u00e9 seo le saothr\u00f3ir\u00ed, t\u00e1irgeoir\u00ed agus siopad\u00f3ir\u00ed a roghanna a chinneadh. Anseo in \u00c9irinn, t\u00e1 an t-\u00e1dh orainn go bhfuil tortha\u00ed agus glasra\u00ed \u00fara a f\u00e1sadh sa bhaile ar f\u00e1il d\u00fainn ar feadh na [&hellip;]","og_url":"https:\/\/www.fooddudes.ie\/gaeilge\/catagoiri-torthai-agus-glasrai\/","og_site_name":"fooddudes-gaeilge","article_published_time":"2024-08-29T18:25:25+00:00","article_modified_time":"2024-12-13T14:01:22+00:00","og_image":[{"width":512,"height":262,"url":"https:\/\/www.fooddudes.ie\/gaeilge\/wp-content\/uploads\/sites\/2\/2024\/08\/Untitled-design.png","type":"image\/png"}],"author":"jennyoneill","twitter_card":"summary_large_image","twitter_misc":{"Written by":"jennyoneill","Est. reading time":"5 minutes"},"schema":{"@context":"https:\/\/schema.org","@graph":[{"@type":"Article","@id":"https:\/\/www.fooddudes.ie\/gaeilge\/catagoiri-torthai-agus-glasrai\/#article","isPartOf":{"@id":"https:\/\/www.fooddudes.ie\/gaeilge\/catagoiri-torthai-agus-glasrai\/"},"author":{"name":"jennyoneill","@id":"https:\/\/www.fooddudes.ie\/gaeilge\/#\/schema\/person\/242b479fec344bc66db0f2ee5a4af731"},"headline":"Catag\u00f3ir\u00ed Tortha\u00ed agus Glasra\u00ed","datePublished":"2024-08-29T18:25:25+00:00","dateModified":"2024-12-13T14:01:22+00:00","mainEntityOfPage":{"@id":"https:\/\/www.fooddudes.ie\/gaeilge\/catagoiri-torthai-agus-glasrai\/"},"wordCount":929,"commentCount":0,"image":{"@id":"https:\/\/www.fooddudes.ie\/gaeilge\/catagoiri-torthai-agus-glasrai\/#primaryimage"},"thumbnailUrl":"https:\/\/www.fooddudes.ie\/gaeilge\/wp-content\/uploads\/sites\/2\/2024\/08\/Untitled-design.png","inLanguage":"en-US","potentialAction":[{"@type":"CommentAction","name":"Comment","target":["https:\/\/www.fooddudes.ie\/gaeilge\/catagoiri-torthai-agus-glasrai\/#respond"]}]},{"@type":"WebPage","@id":"https:\/\/www.fooddudes.ie\/gaeilge\/catagoiri-torthai-agus-glasrai\/","url":"https:\/\/www.fooddudes.ie\/gaeilge\/catagoiri-torthai-agus-glasrai\/","name":"Catag\u00f3ir\u00ed Tortha\u00ed agus Glasra\u00ed - fooddudes-gaeilge","isPartOf":{"@id":"https:\/\/www.fooddudes.ie\/gaeilge\/#website"},"primaryImageOfPage":{"@id":"https:\/\/www.fooddudes.ie\/gaeilge\/catagoiri-torthai-agus-glasrai\/#primaryimage"},"image":{"@id":"https:\/\/www.fooddudes.ie\/gaeilge\/catagoiri-torthai-agus-glasrai\/#primaryimage"},"thumbnailUrl":"https:\/\/www.fooddudes.ie\/gaeilge\/wp-content\/uploads\/sites\/2\/2024\/08\/Untitled-design.png","datePublished":"2024-08-29T18:25:25+00:00","dateModified":"2024-12-13T14:01:22+00:00","author":{"@id":"https:\/\/www.fooddudes.ie\/gaeilge\/#\/schema\/person\/242b479fec344bc66db0f2ee5a4af731"},"breadcrumb":{"@id":"https:\/\/www.fooddudes.ie\/gaeilge\/catagoiri-torthai-agus-glasrai\/#breadcrumb"},"inLanguage":"en-US","potentialAction":[{"@type":"ReadAction","target":["https:\/\/www.fooddudes.ie\/gaeilge\/catagoiri-torthai-agus-glasrai\/"]}]},{"@type":"ImageObject","inLanguage":"en-US","@id":"https:\/\/www.fooddudes.ie\/gaeilge\/catagoiri-torthai-agus-glasrai\/#primaryimage","url":"https:\/\/www.fooddudes.ie\/gaeilge\/wp-content\/uploads\/sites\/2\/2024\/08\/Untitled-design.png","contentUrl":"https:\/\/www.fooddudes.ie\/gaeilge\/wp-content\/uploads\/sites\/2\/2024\/08\/Untitled-design.png","width":512,"height":262},{"@type":"BreadcrumbList","@id":"https:\/\/www.fooddudes.ie\/gaeilge\/catagoiri-torthai-agus-glasrai\/#breadcrumb","itemListElement":[{"@type":"ListItem","position":1,"name":"Home","item":"https:\/\/www.fooddudes.ie\/gaeilge\/"},{"@type":"ListItem","position":2,"name":"Catag\u00f3ir\u00ed Tortha\u00ed agus Glasra\u00ed"}]},{"@type":"WebSite","@id":"https:\/\/www.fooddudes.ie\/gaeilge\/#website","url":"https:\/\/www.fooddudes.ie\/gaeilge\/","name":"fooddudes-gaeilge","description":"Just another FoodDudes site","potentialAction":[{"@type":"SearchAction","target":{"@type":"EntryPoint","urlTemplate":"https:\/\/www.fooddudes.ie\/gaeilge\/?s={search_term_string}"},"query-input":{"@type":"PropertyValueSpecification","valueRequired":true,"valueName":"search_term_string"}}],"inLanguage":"en-US"},{"@type":"Person","@id":"https:\/\/www.fooddudes.ie\/gaeilge\/#\/schema\/person\/242b479fec344bc66db0f2ee5a4af731","name":"jennyoneill","image":{"@type":"ImageObject","inLanguage":"en-US","@id":"https:\/\/secure.gravatar.com\/avatar\/c929ce4940700614dc45f2de697cdf2bea9fbf522556158ad0c464bcc1268f07?s=96&d=mm&r=g","url":"https:\/\/secure.gravatar.com\/avatar\/c929ce4940700614dc45f2de697cdf2bea9fbf522556158ad0c464bcc1268f07?s=96&d=mm&r=g","contentUrl":"https:\/\/secure.gravatar.com\/avatar\/c929ce4940700614dc45f2de697cdf2bea9fbf522556158ad0c464bcc1268f07?s=96&d=mm&r=g","caption":"jennyoneill"},"url":"https:\/\/www.fooddudes.ie\/gaeilge\/author\/jennyoneill\/"}]}},"_links":{"self":[{"href":"https:\/\/www.fooddudes.ie\/gaeilge\/wp-json\/wp\/v2\/posts\/822","targetHints":{"allow":["GET"]}}],"collection":[{"href":"https:\/\/www.fooddudes.ie\/gaeilge\/wp-json\/wp\/v2\/posts"}],"about":[{"href":"https:\/\/www.fooddudes.ie\/gaeilge\/wp-json\/wp\/v2\/types\/post"}],"author":[{"embeddable":true,"href":"https:\/\/www.fooddudes.ie\/gaeilge\/wp-json\/wp\/v2\/users\/10"}],"replies":[{"embeddable":true,"href":"https:\/\/www.fooddudes.ie\/gaeilge\/wp-json\/wp\/v2\/comments?post=822"}],"version-history":[{"count":22,"href":"https:\/\/www.fooddudes.ie\/gaeilge\/wp-json\/wp\/v2\/posts\/822\/revisions"}],"predecessor-version":[{"id":1196,"href":"https:\/\/www.fooddudes.ie\/gaeilge\/wp-json\/wp\/v2\/posts\/822\/revisions\/1196"}],"wp:featuredmedia":[{"embeddable":true,"href":"https:\/\/www.fooddudes.ie\/gaeilge\/wp-json\/wp\/v2\/media\/823"}],"wp:attachment":[{"href":"https:\/\/www.fooddudes.ie\/gaeilge\/wp-json\/wp\/v2\/media?parent=822"}],"wp:term":[{"taxonomy":"category","embeddable":true,"href":"https:\/\/www.fooddudes.ie\/gaeilge\/wp-json\/wp\/v2\/categories?post=822"},{"taxonomy":"post_tag","embeddable":true,"href":"https:\/\/www.fooddudes.ie\/gaeilge\/wp-json\/wp\/v2\/tags?post=822"}],"curies":[{"name":"wp","href":"https:\/\/api.w.org\/{rel}","templated":true}]}}