{"id":616,"date":"2024-08-23T17:28:02","date_gmt":"2024-08-23T17:28:02","guid":{"rendered":"https:\/\/www.fooddudes.ie\/gaeilge\/?p=616"},"modified":"2024-12-13T14:01:59","modified_gmt":"2024-12-13T14:01:59","slug":"taighde","status":"publish","type":"post","link":"https:\/\/www.fooddudes.ie\/gaeilge\/taighde\/","title":{"rendered":"Taighde"},"content":{"rendered":"<div id=\"pl-616\"  class=\"panel-layout\" ><div id=\"pg-616-0\"  class=\"panel-grid panel-has-style\" ><div class=\"contant-general-content-wrapper general-content-inner container panel-row-style panel-row-style-for-616-0\" ><div id=\"pgc-616-0-0\"  class=\"panel-grid-cell\" ><div id=\"panel-616-0-0-0\" class=\"so-panel widget widget_fooddoodes-text-widget panel-first-child\" data-index=\"0\" ><div class=\"panel-widget-style panel-widget-style-for-616-0-0-0\" ><div\n\t\t\t\n\t\t\tclass=\"so-widget-fooddoodes-text-widget so-widget-fooddoodes-text-widget-base\"\n\t\t\t\n\t\t><div class=\"container-fluid\">\n    <div class=\"row\">\n        <div class=\"container\">\n            <div class=\"row\">\n\n                <div class=\"col-12 col-lg-8 offset-lg-2 \">\n                    <div class=\"general-content-inner\">\n                        <p><span style=\"color: #006599\">D'fhorbair an tAonad Taighde Bia agus Gn\u00edomha\u00edochta in Ollscoil Bangor sa Bhreatain Bheag an Cl\u00e1r Food Dudes agus d'oibrigh siad le p\u00e1ist\u00ed idir 4 agus 13 bliana d'aois i scoileanna agus i bpobail ar fud na R\u00edochta Aontaithe agus na h\u00c9ireann.<br \/>\nCuireadh t\u00fas le feidhmi\u00fa c\u00e9imneach n\u00e1isi\u00fanta in \u00c9irinn in 2007 agus \u00f3 shin i leith bh\u00ed os cionn 3,300 bunscoil agus os cionn milli\u00fan dalta p\u00e1irteach ann.<br \/>\nTortha\u00ed meast\u00f3ireachta fadt\u00e9arma\u00ed ar Chl\u00e1r Bia Sl\u00e1inti\u00fail Food Dudes 2010-2016, a rinne an Institi\u00faid Bia agus Sl\u00e1inte, Col\u00e1iste na hOllscoile, Baile \u00c1tha Cliath.<\/span><\/p>\n<h3><span style=\"color: #fbc210\">Meast\u00f3ireacht ar na Pr\u00edomhthortha\u00ed:<\/span><\/h3>\n                    <\/div>\n                <\/div>\n\n            <\/div>\n        <\/div>\n    <\/div>\n<\/div><\/div><\/div><\/div><div id=\"panel-616-0-0-1\" class=\"so-panel widget widget_fooddoodes-image-widget\" data-index=\"1\" ><div class=\"panel-widget-style panel-widget-style-for-616-0-0-1\" ><div\n\t\t\t\n\t\t\tclass=\"so-widget-fooddoodes-image-widget so-widget-fooddoodes-image-widget-base\"\n\t\t\t\n\t\t><div class=\"container\">\n    <div class=\"row\">\n\n        <div class=\"col-12 col-lg-12 \">\n            <div class=\"general-content-inner\" style=\"text-align: center\">\n                                <img decoding=\"async\" src=\"https:\/\/www.fooddudes.ie\/gaeilge\/wp-content\/uploads\/sites\/2\/2024\/08\/EI493-D1305-Bord-Bia-Food-Dudes-Website-Infographics-Irish_Research-Graphic-1-1_AW-1.png\" class=\"img-responsive\" style=\"width: 100%; max-width: 100%;\" alt=\"image\"\/>\n            <\/div>\n        <\/div>\n\n    <\/div>\n<\/div><\/div><\/div><\/div><div id=\"panel-616-0-0-2\" class=\"so-panel widget widget_fooddoodes-text-widget\" data-index=\"2\" ><div\n\t\t\t\n\t\t\tclass=\"so-widget-fooddoodes-text-widget so-widget-fooddoodes-text-widget-base\"\n\t\t\t\n\t\t><div class=\"container-fluid\">\n    <div class=\"row\">\n        <div class=\"container\">\n            <div class=\"row\">\n\n                <div class=\"col-12 col-lg-8 offset-lg-2 \">\n                    <div class=\"general-content-inner\">\n                        <p><span style=\"color: #006599\">Roimh idirghabh\u00e1il 2010, thug 54% de na dalta\u00ed sna gr\u00fapa\u00ed a ndearnadh anail\u00eds orthu cuid amh\u00e1in n\u00f3 n\u00edos m\u00f3 de thortha\u00ed chun na scoile. Tar \u00e9is Food Dudes, mh\u00e9adaigh s\u00e9 sin go 83%. In 2016, 6 bliana ina dhiaidh sin, bh\u00ed an c\u00e9atad\u00e1n 67%, at\u00e1 n\u00edos airde n\u00e1 bonnl\u00edne 2010, agus mh\u00e9adaigh s\u00e9 go 75% tar \u00e9is an chl\u00e1ir treisithe.<\/span><\/p>\n                    <\/div>\n                <\/div>\n\n            <\/div>\n        <\/div>\n    <\/div>\n<\/div><\/div><\/div><div id=\"panel-616-0-0-3\" class=\"so-panel widget widget_fooddoodes-image-widget\" data-index=\"3\" ><div class=\"panel-widget-style panel-widget-style-for-616-0-0-3\" ><div\n\t\t\t\n\t\t\tclass=\"so-widget-fooddoodes-image-widget so-widget-fooddoodes-image-widget-base\"\n\t\t\t\n\t\t><div class=\"container\">\n    <div class=\"row\">\n\n        <div class=\"col-12 col-lg-12 \">\n            <div class=\"general-content-inner\" style=\"text-align: center\">\n                                <img decoding=\"async\" src=\"https:\/\/www.fooddudes.ie\/gaeilge\/wp-content\/uploads\/sites\/2\/2024\/08\/EI493-D1305-Bord-Bia-Food-Dudes-Website-Infographics-Irish_Research-Graphic-2-2_AW-1.png\" class=\"img-responsive\" style=\"width: 100%; max-width: 100%;\" alt=\"image\"\/>\n            <\/div>\n        <\/div>\n\n    <\/div>\n<\/div><\/div><\/div><\/div><div id=\"panel-616-0-0-4\" class=\"so-panel widget widget_fooddoodes-text-widget\" data-index=\"4\" ><div class=\"panel-widget-style panel-widget-style-for-616-0-0-4\" ><div\n\t\t\t\n\t\t\tclass=\"so-widget-fooddoodes-text-widget so-widget-fooddoodes-text-widget-base\"\n\t\t\t\n\t\t><div class=\"container-fluid\">\n    <div class=\"row\">\n        <div class=\"container\">\n            <div class=\"row\">\n\n                <div class=\"col-12 col-lg-8 offset-lg-2 \">\n                    <div class=\"general-content-inner\">\n                        <p><span style=\"color: #006599\">I gc\u00e1s glasra\u00ed, bh\u00ed na tortha\u00ed n\u00ed ba shuntasa\u00ed.\u00a0 Roimh idirghabh\u00e1il 2010, thug 6% de dhalta\u00ed cuid amh\u00e1in n\u00f3 n\u00edos m\u00f3 de ghlasra\u00ed chun na scoile. D\u00edreach tar \u00e9is an cl\u00e1r Food Dudes a re\u00e1cht\u00e1il sna scoileanna a sampla\u00edodh, mh\u00e9adaigh l\u00edon na ndalta\u00ed a thug cuid amh\u00e1in n\u00f3 n\u00edos m\u00f3 de ghlasra\u00ed chun na scoile go 57%.\u00a0 Faoi 2016, bh\u00ed an c\u00e9atad\u00e1n laghdaithe go 12% ach bh\u00ed s\u00e9 f\u00f3s n\u00edos airde n\u00e1 bonnl\u00edne 2010, agus mh\u00e9adaigh s\u00e9 go 27% tar \u00e9is an chl\u00e1ir threisithe Food Dudes.<\/span><\/p>\n                    <\/div>\n                <\/div>\n\n            <\/div>\n        <\/div>\n    <\/div>\n<\/div><\/div><\/div><\/div><div id=\"panel-616-0-0-5\" class=\"so-panel widget widget_fooddoodes-text-widget\" data-index=\"5\" ><div class=\"panel-widget-style panel-widget-style-for-616-0-0-5\" ><div\n\t\t\t\n\t\t\tclass=\"so-widget-fooddoodes-text-widget so-widget-fooddoodes-text-widget-base\"\n\t\t\t\n\t\t><div class=\"container-fluid\">\n    <div class=\"row\">\n        <div class=\"container\">\n            <div class=\"row\">\n\n                <div class=\"col-12 col-lg-8 offset-lg-2 \">\n                    <div class=\"general-content-inner\">\n                        <h3><span style=\"color: #fbc210\">Tortha\u00ed Eile:<\/span><\/h3>\n<p><span style=\"color: #006599\">T\u00e1 an cl\u00e1r thar a bheith \u00e9ifeachtach i measc p\u00e1ist\u00ed n\u00edos \u00f3ige, agus t\u00e1 c\u00e9atad\u00e1n na ndalta\u00ed s\u00f3isearacha at\u00e1 ag tabhairt agus ag ithe glasra\u00ed ar scoil tar \u00e9is m\u00e9ad\u00fa n\u00edos m\u00f3 n\u00e1 ceithre huaire.<\/span><\/p>\n                    <\/div>\n                <\/div>\n\n            <\/div>\n        <\/div>\n    <\/div>\n<\/div><\/div><\/div><\/div><div id=\"panel-616-0-0-6\" class=\"so-panel widget widget_fooddoodes-image-widget\" data-index=\"6\" ><div class=\"panel-widget-style panel-widget-style-for-616-0-0-6\" ><div\n\t\t\t\n\t\t\tclass=\"so-widget-fooddoodes-image-widget so-widget-fooddoodes-image-widget-base\"\n\t\t\t\n\t\t><div class=\"container\">\n    <div class=\"row\">\n\n        <div class=\"col-12 col-lg-8 offset-lg-2 \">\n            <div class=\"general-content-inner\" style=\"text-align: center\">\n                                <img decoding=\"async\" src=\"https:\/\/www.fooddudes.ie\/gaeilge\/wp-content\/uploads\/sites\/2\/2024\/08\/strawberries_2.jpg\" class=\"img-responsive\" style=\"width: 100%; max-width: 100%;\" alt=\"image\"\/>\n            <\/div>\n        <\/div>\n\n    <\/div>\n<\/div><\/div><\/div><\/div><div id=\"panel-616-0-0-7\" class=\"so-panel widget widget_fooddoodes-text-widget\" data-index=\"7\" ><div class=\"panel-widget-style panel-widget-style-for-616-0-0-7\" ><div\n\t\t\t\n\t\t\tclass=\"so-widget-fooddoodes-text-widget so-widget-fooddoodes-text-widget-base\"\n\t\t\t\n\t\t><div class=\"container-fluid\">\n    <div class=\"row\">\n        <div class=\"container\">\n            <div class=\"row\">\n\n                <div class=\"col-12 col-lg-8 offset-lg-2 \">\n                    <div class=\"general-content-inner\">\n                        <p><span style=\"color: #006599\">Toradh eile a bh\u00ed ann n\u00e1 gur ith formh\u00f3r na bp\u00e1ist\u00ed an m\u00e9id a cuireadh ar f\u00e1il ina mbosca l\u00f3in fi\u00fa nuair a cuireadh codanna breise tortha\u00ed agus glasra\u00ed ar f\u00e1il, ag cur b\u00e9ime ar r\u00f3l agus tionchar t\u00e1bhachtach na dtuismitheoir\u00ed.<\/span><\/p>\n                    <\/div>\n                <\/div>\n\n            <\/div>\n        <\/div>\n    <\/div>\n<\/div><\/div><\/div><\/div><div id=\"panel-616-0-0-8\" class=\"so-panel widget widget_fooddoodes-image-widget\" data-index=\"8\" ><div class=\"panel-widget-style panel-widget-style-for-616-0-0-8\" ><div\n\t\t\t\n\t\t\tclass=\"so-widget-fooddoodes-image-widget so-widget-fooddoodes-image-widget-base\"\n\t\t\t\n\t\t><div class=\"container\">\n    <div class=\"row\">\n\n        <div class=\"col-12 col-lg-8 offset-lg-2 \">\n            <div class=\"general-content-inner\" style=\"text-align: center\">\n                                <img decoding=\"async\" src=\"https:\/\/www.fooddudes.ie\/gaeilge\/wp-content\/uploads\/sites\/2\/2024\/08\/Research-image-3-1.jpg\" class=\"img-responsive\" style=\"width: 100%; max-width: 100%;\" alt=\"image\"\/>\n            <\/div>\n        <\/div>\n\n    <\/div>\n<\/div><\/div><\/div><\/div><div id=\"panel-616-0-0-9\" class=\"so-panel widget widget_fooddoodes-text-widget\" data-index=\"9\" ><div class=\"panel-widget-style panel-widget-style-for-616-0-0-9\" ><div\n\t\t\t\n\t\t\tclass=\"so-widget-fooddoodes-text-widget so-widget-fooddoodes-text-widget-base\"\n\t\t\t\n\t\t><div class=\"container-fluid\">\n    <div class=\"row\">\n        <div class=\"container\">\n            <div class=\"row\">\n\n                <div class=\"col-12 col-lg-8 offset-lg-2 \">\n                    <div class=\"general-content-inner\">\n                        <p><span style=\"color: #006599\">Luaigh tuismitheoir\u00ed agus m\u00fainteoir\u00ed an fonn go mbeadh n\u00edos m\u00f3 tuismitheoir\u00ed p\u00e1irteach sa chl\u00e1r nuair a cuireadh agallamh orthu, agus d'fh\u00e9adfadh s\u00e9 r\u00e1ta\u00ed caithimh a fheabhs\u00fa tuilleadh.<\/span><\/p>\n                    <\/div>\n                <\/div>\n\n            <\/div>\n        <\/div>\n    <\/div>\n<\/div><\/div><\/div><\/div><div id=\"panel-616-0-0-10\" class=\"so-panel widget widget_fooddoodes-text-widget\" data-index=\"10\" ><div class=\"panel-widget-style panel-widget-style-for-616-0-0-10\" ><div\n\t\t\t\n\t\t\tclass=\"so-widget-fooddoodes-text-widget so-widget-fooddoodes-text-widget-base\"\n\t\t\t\n\t\t><div class=\"container-fluid\">\n    <div class=\"row\">\n        <div class=\"container\">\n            <div class=\"row\">\n\n                <div class=\"col-12 col-lg-8 offset-lg-2 \">\n                    <div class=\"general-content-inner\">\n                        <h3><span style=\"color: #fbc210\">Tuilleadh Eolais:<\/span><\/h3>\n<p><span style=\"color: #006599\"><a href=\"https:\/\/www.gov.ie\/pdf\/?file=https:\/\/assets.gov.ie\/198495\/60b51d25-0740-4e40-b025-663db6e800db.pdf#page=null\" target=\"_blank\" rel=\"noopener\">Foilseach\u00e1in Roghnaithe Food Dudes<\/a><\/span><\/p>\n<p><span style=\"color: #006599\"><a href=\"https:\/\/www.gov.ie\/en\/service\/4e653-eu-school-scheme\/#school-fruit-and-vegetables-scheme-sfvs\/\" target=\"_blank\" rel=\"noopener\">Cl\u00e1r Food Dudes\/ Sc\u00e9im Tortha\u00ed agus Glasra\u00ed Scoile an AE<\/a><\/span><\/p>\n<p><span style=\"color: #006599\"><a href=\"https:\/\/www.fooddudes.ie\/wp-content\/uploads\/2023\/09\/198491_348fb563-5560-4b89-99d5-06863750fd1f.pdf\" target=\"_blank\" rel=\"noopener\">Bearta Tionlacain na Sc\u00e9ime Tortha\u00ed Scoile<\/a><\/span><\/p>\n<p><span style=\"color: #006599\"><a href=\"https:\/\/www.ucd.ie\/nnsc\/research\/ourresearch\/fooddudesprogramme\" target=\"_blank\" rel=\"noopener\">UCD Food Dudes Evaluation Scheme<\/a><\/span><\/p>\n<p><span style=\"color: #006599\">Le d\u00e9ana\u00ed, d'eisigh \u00dadar\u00e1s S\u00e1bh\u00e1ilteachta Bia na h\u00c9ireann na Molta\u00ed Eola\u00edochta \u00farnua maidir le Treoirl\u00ednte Aiste Biabhunaithe do Ph\u00e1ist\u00ed idir 1 agus 5 bliana d'aois in \u00c9irinn. Is pointe tagartha t\u00e1bhachtach iad na treoirl\u00ednte seo chun aiste bia do ph\u00e1iste a phlean\u00e1il \u00f3 aois 1-5 bliana. Leagtar b\u00e9im sna treoirl\u00ednte ar an t\u00e1bhacht a bhaineann le tortha\u00ed agus glasra\u00ed mar fhoinse vitim\u00edn\u00ed agus sn\u00e1ith\u00edn in aiste bia do ph\u00e1iste i measc go leor treoirl\u00ednte t\u00e1bhachtacha aiste bia eile.<\/span><\/p>\n<p><span style=\"color: #006599\">Is f\u00e9idir leat tuilleadh eolais a fh\u00e1il anseo: <a href=\"https:\/\/www.fsai.ie\/getmedia\/a517dc60-a108-4e43-8758-53dbad1d6b85\/sci-rec-for-food-based-dietary-guidelines-1-5-fa4.pdf?ext=.pdf\" target=\"_blank\" rel=\"noopener\">Molta\u00ed Eola\u00edochta le haghaidh Treoirl\u00ednte Aiste Biabhunaithe do Ph\u00e1ist\u00ed 1-5 Bliana d'Aois in \u00c9irinn<\/a><\/span><\/p>\n<p><span style=\"color: #006599\">Den ch\u00e9ad uair in \u00c9irinn, forbra\u00edodh Pirimid Bia do Ph\u00e1ist\u00ed agus Treoirl\u00ednte um Bia Sl\u00e1inti\u00fail do ph\u00e1ist\u00ed idir 1 agus 4 bliana d'aois. T\u00e1 a fhios againn go gcrutha\u00edtear n\u00f3sanna aiste bia ar f\u00e9idir leo maireacht\u00e1il ar feadh an tsaoil le linn na c\u00e9ime critici\u00fala seo. Cabhr\u00f3idh na treoirl\u00ednte seo len\u00e1r gcomhrac i gcoinne otracht \u00f3ige. T\u00e9igh go <a href=\"https:\/\/www.gov.ie\/en\/publication\/da7f19-eat-well\/?referrer=http:\/\/www.gov.ie\/healthyireland\/eatwell\" target=\"_blank\" rel=\"noopener\">gov.ie\/healthyireland\/eatwell<\/a> chun an phirimid a fheice\u00e1il, <a href=\"https:\/\/www2.hse.ie\/babies-children\/weaning-eating\/\" target=\"_blank\" rel=\"noopener\">www2.hse.ie\/babies-children\/weaning-eating\/<\/a> n\u00f3 <a href=\"http:\/\/www.mychild.ie\/nutrition\" target=\"_blank\" rel=\"noopener\"> www.mychild.ie\/nutrition<\/a> le haghaidh tuilleadh comhairle<\/span><\/p>\n                    <\/div>\n                <\/div>\n\n            <\/div>\n        <\/div>\n    <\/div>\n<\/div><\/div><\/div><\/div><div id=\"panel-616-0-0-11\" class=\"so-panel widget widget_fooddoodes-text-widget panel-last-child\" data-index=\"11\" ><div\n\t\t\t\n\t\t\tclass=\"so-widget-fooddoodes-text-widget so-widget-fooddoodes-text-widget-base\"\n\t\t\t\n\t\t><div class=\"container-fluid\">\n    <div class=\"row\">\n        <div class=\"container\">\n            <div class=\"row\">\n\n                <div class=\"col-12 col-lg-8 offset-lg-2 \">\n                    <div class=\"general-content-inner\">\n                        <p>\u00a0<\/p>\n<p>\u00a0<\/p>\n                    <\/div>\n                <\/div>\n\n            <\/div>\n        <\/div>\n    <\/div>\n<\/div><\/div><\/div><\/div><\/div><\/div><\/div>","protected":false},"excerpt":{"rendered":"<p>D&#8217;fhorbair an tAonad Taighde Bia agus Gn\u00edomha\u00edochta in Ollscoil Bangor sa Bhreatain Bheag an Cl\u00e1r Food Dudes agus d&#8217;oibrigh siad le p\u00e1ist\u00ed idir 4 agus 13 bliana d&#8217;aois i scoileanna agus i bpobail ar fud na R\u00edochta Aontaithe agus na h\u00c9ireann. Cuireadh t\u00fas le feidhmi\u00fa c\u00e9imneach n\u00e1isi\u00fanta in \u00c9irinn in 2007 agus \u00f3 shin i [&hellip;]<\/p>\n","protected":false},"author":10,"featured_media":173,"comment_status":"open","ping_status":"open","sticky":false,"template":"","format":"standard","meta":{"_acf_changed":false,"footnotes":""},"categories":[1],"tags":[],"class_list":["post-616","post","type-post","status-publish","format-standard","has-post-thumbnail","hentry","category-uncategorized"],"acf":[],"yoast_head":"<!-- This site is optimized with the Yoast SEO plugin v27.3 - https:\/\/yoast.com\/product\/yoast-seo-wordpress\/ -->\n<title>Taighde - fooddudes-gaeilge<\/title>\n<meta name=\"robots\" content=\"index, follow, max-snippet:-1, max-image-preview:large, max-video-preview:-1\" \/>\n<link rel=\"canonical\" href=\"https:\/\/www.fooddudes.ie\/gaeilge\/taighde\/\" \/>\n<meta property=\"og:locale\" content=\"en_US\" \/>\n<meta property=\"og:type\" content=\"article\" \/>\n<meta property=\"og:title\" content=\"Taighde - fooddudes-gaeilge\" \/>\n<meta property=\"og:description\" content=\"D&#039;fhorbair an tAonad Taighde Bia agus Gn\u00edomha\u00edochta in Ollscoil Bangor sa Bhreatain Bheag an Cl\u00e1r Food Dudes agus d&#039;oibrigh siad le p\u00e1ist\u00ed idir 4 agus 13 bliana d&#039;aois i scoileanna agus i bpobail ar fud na R\u00edochta Aontaithe agus na h\u00c9ireann. Cuireadh t\u00fas le feidhmi\u00fa c\u00e9imneach n\u00e1isi\u00fanta in \u00c9irinn in 2007 agus \u00f3 shin i [&hellip;]\" \/>\n<meta property=\"og:url\" content=\"https:\/\/www.fooddudes.ie\/gaeilge\/taighde\/\" \/>\n<meta property=\"og:site_name\" content=\"fooddudes-gaeilge\" \/>\n<meta property=\"article:published_time\" content=\"2024-08-23T17:28:02+00:00\" \/>\n<meta property=\"article:modified_time\" content=\"2024-12-13T14:01:59+00:00\" \/>\n<meta property=\"og:image\" content=\"https:\/\/www.fooddudes.ie\/gaeilge\/wp-content\/uploads\/sites\/2\/2018\/11\/senior-couple-with-grandaughter-gardening-in-the-PW7FE6Y.png\" \/>\n\t<meta property=\"og:image:width\" content=\"1\" \/>\n\t<meta property=\"og:image:height\" content=\"1\" \/>\n\t<meta property=\"og:image:type\" content=\"image\/png\" \/>\n<meta name=\"author\" content=\"jennyoneill\" \/>\n<meta name=\"twitter:card\" content=\"summary_large_image\" \/>\n<meta name=\"twitter:label1\" content=\"Written by\" \/>\n\t<meta name=\"twitter:data1\" content=\"jennyoneill\" \/>\n\t<meta name=\"twitter:label2\" content=\"Est. reading time\" \/>\n\t<meta name=\"twitter:data2\" content=\"4 minutes\" \/>\n<script type=\"application\/ld+json\" class=\"yoast-schema-graph\">{\"@context\":\"https:\\\/\\\/schema.org\",\"@graph\":[{\"@type\":\"Article\",\"@id\":\"https:\\\/\\\/www.fooddudes.ie\\\/gaeilge\\\/taighde\\\/#article\",\"isPartOf\":{\"@id\":\"https:\\\/\\\/www.fooddudes.ie\\\/gaeilge\\\/taighde\\\/\"},\"author\":{\"name\":\"jennyoneill\",\"@id\":\"https:\\\/\\\/www.fooddudes.ie\\\/gaeilge\\\/#\\\/schema\\\/person\\\/242b479fec344bc66db0f2ee5a4af731\"},\"headline\":\"Taighde\",\"datePublished\":\"2024-08-23T17:28:02+00:00\",\"dateModified\":\"2024-12-13T14:01:59+00:00\",\"mainEntityOfPage\":{\"@id\":\"https:\\\/\\\/www.fooddudes.ie\\\/gaeilge\\\/taighde\\\/\"},\"wordCount\":97,\"commentCount\":0,\"image\":{\"@id\":\"https:\\\/\\\/www.fooddudes.ie\\\/gaeilge\\\/taighde\\\/#primaryimage\"},\"thumbnailUrl\":\"https:\\\/\\\/www.fooddudes.ie\\\/gaeilge\\\/wp-content\\\/uploads\\\/sites\\\/2\\\/2018\\\/11\\\/senior-couple-with-grandaughter-gardening-in-the-PW7FE6Y.png\",\"inLanguage\":\"en-US\",\"potentialAction\":[{\"@type\":\"CommentAction\",\"name\":\"Comment\",\"target\":[\"https:\\\/\\\/www.fooddudes.ie\\\/gaeilge\\\/taighde\\\/#respond\"]}]},{\"@type\":\"WebPage\",\"@id\":\"https:\\\/\\\/www.fooddudes.ie\\\/gaeilge\\\/taighde\\\/\",\"url\":\"https:\\\/\\\/www.fooddudes.ie\\\/gaeilge\\\/taighde\\\/\",\"name\":\"Taighde - fooddudes-gaeilge\",\"isPartOf\":{\"@id\":\"https:\\\/\\\/www.fooddudes.ie\\\/gaeilge\\\/#website\"},\"primaryImageOfPage\":{\"@id\":\"https:\\\/\\\/www.fooddudes.ie\\\/gaeilge\\\/taighde\\\/#primaryimage\"},\"image\":{\"@id\":\"https:\\\/\\\/www.fooddudes.ie\\\/gaeilge\\\/taighde\\\/#primaryimage\"},\"thumbnailUrl\":\"https:\\\/\\\/www.fooddudes.ie\\\/gaeilge\\\/wp-content\\\/uploads\\\/sites\\\/2\\\/2018\\\/11\\\/senior-couple-with-grandaughter-gardening-in-the-PW7FE6Y.png\",\"datePublished\":\"2024-08-23T17:28:02+00:00\",\"dateModified\":\"2024-12-13T14:01:59+00:00\",\"author\":{\"@id\":\"https:\\\/\\\/www.fooddudes.ie\\\/gaeilge\\\/#\\\/schema\\\/person\\\/242b479fec344bc66db0f2ee5a4af731\"},\"breadcrumb\":{\"@id\":\"https:\\\/\\\/www.fooddudes.ie\\\/gaeilge\\\/taighde\\\/#breadcrumb\"},\"inLanguage\":\"en-US\",\"potentialAction\":[{\"@type\":\"ReadAction\",\"target\":[\"https:\\\/\\\/www.fooddudes.ie\\\/gaeilge\\\/taighde\\\/\"]}]},{\"@type\":\"ImageObject\",\"inLanguage\":\"en-US\",\"@id\":\"https:\\\/\\\/www.fooddudes.ie\\\/gaeilge\\\/taighde\\\/#primaryimage\",\"url\":\"https:\\\/\\\/www.fooddudes.ie\\\/gaeilge\\\/wp-content\\\/uploads\\\/sites\\\/2\\\/2018\\\/11\\\/senior-couple-with-grandaughter-gardening-in-the-PW7FE6Y.png\",\"contentUrl\":\"https:\\\/\\\/www.fooddudes.ie\\\/gaeilge\\\/wp-content\\\/uploads\\\/sites\\\/2\\\/2018\\\/11\\\/senior-couple-with-grandaughter-gardening-in-the-PW7FE6Y.png\"},{\"@type\":\"BreadcrumbList\",\"@id\":\"https:\\\/\\\/www.fooddudes.ie\\\/gaeilge\\\/taighde\\\/#breadcrumb\",\"itemListElement\":[{\"@type\":\"ListItem\",\"position\":1,\"name\":\"Home\",\"item\":\"https:\\\/\\\/www.fooddudes.ie\\\/gaeilge\\\/\"},{\"@type\":\"ListItem\",\"position\":2,\"name\":\"Taighde\"}]},{\"@type\":\"WebSite\",\"@id\":\"https:\\\/\\\/www.fooddudes.ie\\\/gaeilge\\\/#website\",\"url\":\"https:\\\/\\\/www.fooddudes.ie\\\/gaeilge\\\/\",\"name\":\"fooddudes-gaeilge\",\"description\":\"Just another FoodDudes site\",\"potentialAction\":[{\"@type\":\"SearchAction\",\"target\":{\"@type\":\"EntryPoint\",\"urlTemplate\":\"https:\\\/\\\/www.fooddudes.ie\\\/gaeilge\\\/?s={search_term_string}\"},\"query-input\":{\"@type\":\"PropertyValueSpecification\",\"valueRequired\":true,\"valueName\":\"search_term_string\"}}],\"inLanguage\":\"en-US\"},{\"@type\":\"Person\",\"@id\":\"https:\\\/\\\/www.fooddudes.ie\\\/gaeilge\\\/#\\\/schema\\\/person\\\/242b479fec344bc66db0f2ee5a4af731\",\"name\":\"jennyoneill\",\"image\":{\"@type\":\"ImageObject\",\"inLanguage\":\"en-US\",\"@id\":\"https:\\\/\\\/secure.gravatar.com\\\/avatar\\\/c929ce4940700614dc45f2de697cdf2bea9fbf522556158ad0c464bcc1268f07?s=96&d=mm&r=g\",\"url\":\"https:\\\/\\\/secure.gravatar.com\\\/avatar\\\/c929ce4940700614dc45f2de697cdf2bea9fbf522556158ad0c464bcc1268f07?s=96&d=mm&r=g\",\"contentUrl\":\"https:\\\/\\\/secure.gravatar.com\\\/avatar\\\/c929ce4940700614dc45f2de697cdf2bea9fbf522556158ad0c464bcc1268f07?s=96&d=mm&r=g\",\"caption\":\"jennyoneill\"},\"url\":\"https:\\\/\\\/www.fooddudes.ie\\\/gaeilge\\\/author\\\/jennyoneill\\\/\"}]}<\/script>\n<!-- \/ Yoast SEO plugin. -->","yoast_head_json":{"title":"Taighde - fooddudes-gaeilge","robots":{"index":"index","follow":"follow","max-snippet":"max-snippet:-1","max-image-preview":"max-image-preview:large","max-video-preview":"max-video-preview:-1"},"canonical":"https:\/\/www.fooddudes.ie\/gaeilge\/taighde\/","og_locale":"en_US","og_type":"article","og_title":"Taighde - fooddudes-gaeilge","og_description":"D'fhorbair an tAonad Taighde Bia agus Gn\u00edomha\u00edochta in Ollscoil Bangor sa Bhreatain Bheag an Cl\u00e1r Food Dudes agus d'oibrigh siad le p\u00e1ist\u00ed idir 4 agus 13 bliana d'aois i scoileanna agus i bpobail ar fud na R\u00edochta Aontaithe agus na h\u00c9ireann. Cuireadh t\u00fas le feidhmi\u00fa c\u00e9imneach n\u00e1isi\u00fanta in \u00c9irinn in 2007 agus \u00f3 shin i [&hellip;]","og_url":"https:\/\/www.fooddudes.ie\/gaeilge\/taighde\/","og_site_name":"fooddudes-gaeilge","article_published_time":"2024-08-23T17:28:02+00:00","article_modified_time":"2024-12-13T14:01:59+00:00","og_image":[{"url":"https:\/\/www.fooddudes.ie\/gaeilge\/wp-content\/uploads\/sites\/2\/2018\/11\/senior-couple-with-grandaughter-gardening-in-the-PW7FE6Y.png","width":1,"height":1,"type":"image\/png"}],"author":"jennyoneill","twitter_card":"summary_large_image","twitter_misc":{"Written by":"jennyoneill","Est. reading time":"4 minutes"},"schema":{"@context":"https:\/\/schema.org","@graph":[{"@type":"Article","@id":"https:\/\/www.fooddudes.ie\/gaeilge\/taighde\/#article","isPartOf":{"@id":"https:\/\/www.fooddudes.ie\/gaeilge\/taighde\/"},"author":{"name":"jennyoneill","@id":"https:\/\/www.fooddudes.ie\/gaeilge\/#\/schema\/person\/242b479fec344bc66db0f2ee5a4af731"},"headline":"Taighde","datePublished":"2024-08-23T17:28:02+00:00","dateModified":"2024-12-13T14:01:59+00:00","mainEntityOfPage":{"@id":"https:\/\/www.fooddudes.ie\/gaeilge\/taighde\/"},"wordCount":97,"commentCount":0,"image":{"@id":"https:\/\/www.fooddudes.ie\/gaeilge\/taighde\/#primaryimage"},"thumbnailUrl":"https:\/\/www.fooddudes.ie\/gaeilge\/wp-content\/uploads\/sites\/2\/2018\/11\/senior-couple-with-grandaughter-gardening-in-the-PW7FE6Y.png","inLanguage":"en-US","potentialAction":[{"@type":"CommentAction","name":"Comment","target":["https:\/\/www.fooddudes.ie\/gaeilge\/taighde\/#respond"]}]},{"@type":"WebPage","@id":"https:\/\/www.fooddudes.ie\/gaeilge\/taighde\/","url":"https:\/\/www.fooddudes.ie\/gaeilge\/taighde\/","name":"Taighde - fooddudes-gaeilge","isPartOf":{"@id":"https:\/\/www.fooddudes.ie\/gaeilge\/#website"},"primaryImageOfPage":{"@id":"https:\/\/www.fooddudes.ie\/gaeilge\/taighde\/#primaryimage"},"image":{"@id":"https:\/\/www.fooddudes.ie\/gaeilge\/taighde\/#primaryimage"},"thumbnailUrl":"https:\/\/www.fooddudes.ie\/gaeilge\/wp-content\/uploads\/sites\/2\/2018\/11\/senior-couple-with-grandaughter-gardening-in-the-PW7FE6Y.png","datePublished":"2024-08-23T17:28:02+00:00","dateModified":"2024-12-13T14:01:59+00:00","author":{"@id":"https:\/\/www.fooddudes.ie\/gaeilge\/#\/schema\/person\/242b479fec344bc66db0f2ee5a4af731"},"breadcrumb":{"@id":"https:\/\/www.fooddudes.ie\/gaeilge\/taighde\/#breadcrumb"},"inLanguage":"en-US","potentialAction":[{"@type":"ReadAction","target":["https:\/\/www.fooddudes.ie\/gaeilge\/taighde\/"]}]},{"@type":"ImageObject","inLanguage":"en-US","@id":"https:\/\/www.fooddudes.ie\/gaeilge\/taighde\/#primaryimage","url":"https:\/\/www.fooddudes.ie\/gaeilge\/wp-content\/uploads\/sites\/2\/2018\/11\/senior-couple-with-grandaughter-gardening-in-the-PW7FE6Y.png","contentUrl":"https:\/\/www.fooddudes.ie\/gaeilge\/wp-content\/uploads\/sites\/2\/2018\/11\/senior-couple-with-grandaughter-gardening-in-the-PW7FE6Y.png"},{"@type":"BreadcrumbList","@id":"https:\/\/www.fooddudes.ie\/gaeilge\/taighde\/#breadcrumb","itemListElement":[{"@type":"ListItem","position":1,"name":"Home","item":"https:\/\/www.fooddudes.ie\/gaeilge\/"},{"@type":"ListItem","position":2,"name":"Taighde"}]},{"@type":"WebSite","@id":"https:\/\/www.fooddudes.ie\/gaeilge\/#website","url":"https:\/\/www.fooddudes.ie\/gaeilge\/","name":"fooddudes-gaeilge","description":"Just another FoodDudes site","potentialAction":[{"@type":"SearchAction","target":{"@type":"EntryPoint","urlTemplate":"https:\/\/www.fooddudes.ie\/gaeilge\/?s={search_term_string}"},"query-input":{"@type":"PropertyValueSpecification","valueRequired":true,"valueName":"search_term_string"}}],"inLanguage":"en-US"},{"@type":"Person","@id":"https:\/\/www.fooddudes.ie\/gaeilge\/#\/schema\/person\/242b479fec344bc66db0f2ee5a4af731","name":"jennyoneill","image":{"@type":"ImageObject","inLanguage":"en-US","@id":"https:\/\/secure.gravatar.com\/avatar\/c929ce4940700614dc45f2de697cdf2bea9fbf522556158ad0c464bcc1268f07?s=96&d=mm&r=g","url":"https:\/\/secure.gravatar.com\/avatar\/c929ce4940700614dc45f2de697cdf2bea9fbf522556158ad0c464bcc1268f07?s=96&d=mm&r=g","contentUrl":"https:\/\/secure.gravatar.com\/avatar\/c929ce4940700614dc45f2de697cdf2bea9fbf522556158ad0c464bcc1268f07?s=96&d=mm&r=g","caption":"jennyoneill"},"url":"https:\/\/www.fooddudes.ie\/gaeilge\/author\/jennyoneill\/"}]}},"_links":{"self":[{"href":"https:\/\/www.fooddudes.ie\/gaeilge\/wp-json\/wp\/v2\/posts\/616","targetHints":{"allow":["GET"]}}],"collection":[{"href":"https:\/\/www.fooddudes.ie\/gaeilge\/wp-json\/wp\/v2\/posts"}],"about":[{"href":"https:\/\/www.fooddudes.ie\/gaeilge\/wp-json\/wp\/v2\/types\/post"}],"author":[{"embeddable":true,"href":"https:\/\/www.fooddudes.ie\/gaeilge\/wp-json\/wp\/v2\/users\/10"}],"replies":[{"embeddable":true,"href":"https:\/\/www.fooddudes.ie\/gaeilge\/wp-json\/wp\/v2\/comments?post=616"}],"version-history":[{"count":15,"href":"https:\/\/www.fooddudes.ie\/gaeilge\/wp-json\/wp\/v2\/posts\/616\/revisions"}],"predecessor-version":[{"id":1214,"href":"https:\/\/www.fooddudes.ie\/gaeilge\/wp-json\/wp\/v2\/posts\/616\/revisions\/1214"}],"wp:featuredmedia":[{"embeddable":true,"href":"https:\/\/www.fooddudes.ie\/gaeilge\/wp-json\/wp\/v2\/media\/173"}],"wp:attachment":[{"href":"https:\/\/www.fooddudes.ie\/gaeilge\/wp-json\/wp\/v2\/media?parent=616"}],"wp:term":[{"taxonomy":"category","embeddable":true,"href":"https:\/\/www.fooddudes.ie\/gaeilge\/wp-json\/wp\/v2\/categories?post=616"},{"taxonomy":"post_tag","embeddable":true,"href":"https:\/\/www.fooddudes.ie\/gaeilge\/wp-json\/wp\/v2\/tags?post=616"}],"curies":[{"name":"wp","href":"https:\/\/api.w.org\/{rel}","templated":true}]}}